{"id":40,"date":"2023-04-28T06:15:00","date_gmt":"2023-04-28T05:15:00","guid":{"rendered":"https:\/\/www.moret.ch\/aigle\/?p=40"},"modified":"2023-05-25T17:01:53","modified_gmt":"2023-05-25T16:01:53","slug":"accueil-3","status":"publish","type":"post","link":"https:\/\/www.moret.ch\/aigle\/accueil-3\/","title":{"rendered":"Horaires d&rsquo;ouverture"},"content":{"rendered":"<p>Notre cave est ouverte tous les samedis matin de 10h00 \u00e0 12h00 ou sur rendez-vous.\u00a0Elle est situ\u00e9e au<span class=\"Apple-converted-space\">\u00a0<\/span><a href=\"https:\/\/www.google.ch\/maps\/@46.3152369,6.9755234,20z\/data=!3m1!1e3\">chemin du Ch\u00e2teau 29 \u00e0 Aigle.<\/a><\/p>\n<div style=\"font: 300 14px\/24px 'Open Sans', sans-serif; color: #333333; text-transform: none; text-indent: 0px; letter-spacing: normal; word-spacing: 0px; white-space: normal; box-sizing: border-box; widows: 1; font-size-adjust: none; font-stretch: normal; background-color: #ffffff; -webkit-text-stroke-width: 0px;\">\n<div style=\"font: 300 14px\/24px 'Open Sans', sans-serif; color: #333333; text-transform: none; text-indent: 0px; letter-spacing: normal; word-spacing: 0px; white-space: normal; box-sizing: border-box; widows: 1; font-size-adjust: none; font-stretch: normal; background-color: #ffffff; -webkit-text-stroke-width: 0px;\">\n<p>A bient\u00f4t<\/p>\n<p>Raoul et Stefanie<\/p>\n<\/div>\n<\/div>\n<div style=\"font: 300 14px\/24px 'Open Sans', sans-serif; color: #333333; text-transform: none; text-indent: 0px; letter-spacing: normal; word-spacing: 0px; white-space: normal; box-sizing: border-box; widows: 1; font-size-adjust: none; font-stretch: normal; background-color: #ffffff; -webkit-text-stroke-width: 0px;\">\n<p><a href=\"https:\/\/www.moret.ch\/aigle\/wp-content\/uploads\/2020\/11\/20200425_135245-scaled.jpg\" rel=\"attachment wp-att-77\"><img loading=\"lazy\" decoding=\"async\" class=\"alignleft wp-image-656 size-medium\" src=\"https:\/\/www.moret.ch\/aigle\/wp-content\/uploads\/2020\/11\/20200425_135245-300x225.jpg\" alt=\"\" width=\"300\" height=\"225\" srcset=\"https:\/\/www.moret.ch\/aigle\/wp-content\/uploads\/2020\/11\/20200425_135245-300x225.jpg 300w, https:\/\/www.moret.ch\/aigle\/wp-content\/uploads\/2020\/11\/20200425_135245-644x483.jpg 644w, https:\/\/www.moret.ch\/aigle\/wp-content\/uploads\/2020\/11\/20200425_135245-768x576.jpg 768w, https:\/\/www.moret.ch\/aigle\/wp-content\/uploads\/2020\/11\/20200425_135245-1536x1152.jpg 1536w, https:\/\/www.moret.ch\/aigle\/wp-content\/uploads\/2020\/11\/20200425_135245-2048x1536.jpg 2048w\" sizes=\"auto, (max-width: 300px) 100vw, 300px\" \/><\/a><\/p>\n<h3 style=\"color: inherit; line-height: 1.1; font-family: 'Open Sans', sans-serif; font-size: 24px; font-weight: normal; margin-top: 20px; margin-bottom: 10px; box-sizing: border-box;\"><\/h3>\n<\/div>\n<div style=\"font: 300 14px\/24px 'Open Sans', sans-serif; color: #333333; text-transform: none; text-indent: 0px; letter-spacing: normal; word-spacing: 0px; white-space: normal; box-sizing: border-box; widows: 1; font-size-adjust: none; font-stretch: normal; background-color: #ffffff; -webkit-text-stroke-width: 0px;\"><\/div>\n","protected":false},"excerpt":{"rendered":"<p>Notre cave est ouverte tous les samedis matin de 10h00 \u00e0 12h00 ou sur rendez-vous.\u00a0Elle est situ\u00e9e au\u00a0chemin du Ch\u00e2teau 29 \u00e0 Aigle. A bient\u00f4t Raoul et Stefanie<\/p>\n","protected":false},"author":1,"featured_media":656,"comment_status":"open","ping_status":"open","sticky":false,"template":"","format":"standard","meta":{"_exactmetrics_skip_tracking":false,"_exactmetrics_sitenote_active":false,"_exactmetrics_sitenote_note":"","_exactmetrics_sitenote_category":0,"footnotes":""},"categories":[11],"tags":[],"class_list":["post-40","post","type-post","status-publish","format-standard","has-post-thumbnail","hentry","category-news"],"yoast_head":"<!-- This site is optimized with the Yoast SEO plugin v21.1 - https:\/\/yoast.com\/wordpress\/plugins\/seo\/ -->\n<title>Horaires d&#039;ouverture - Raoul et Stefanie Moret, vins d&#039;Aigle Grand Cru<\/title>\n<meta name=\"description\" content=\"Notre \u0152nologue, Raoul Moret vous re\u00e7oit pour une d\u00e9gustation de nos vins d&#039;Aigle. Notre cave est ouverte le samedi de 10h \u00e0 12h ou sur rendez-vous.\" \/>\n<meta name=\"robots\" content=\"index, follow, max-snippet:-1, max-image-preview:large, max-video-preview:-1\" \/>\n<link rel=\"canonical\" href=\"https:\/\/www.moret.ch\/aigle\/accueil-3\/\" \/>\n<meta property=\"og:locale\" content=\"fr_FR\" \/>\n<meta property=\"og:type\" content=\"article\" \/>\n<meta property=\"og:title\" content=\"Horaires d&#039;ouverture - Raoul et Stefanie Moret, vins d&#039;Aigle Grand Cru\" \/>\n<meta property=\"og:description\" content=\"Notre \u0152nologue, Raoul Moret vous re\u00e7oit pour une d\u00e9gustation de nos vins d&#039;Aigle. Notre cave est ouverte le samedi de 10h \u00e0 12h ou sur rendez-vous.\" \/>\n<meta property=\"og:url\" content=\"https:\/\/www.moret.ch\/aigle\/accueil-3\/\" \/>\n<meta property=\"og:site_name\" content=\"Raoul et Stefanie Moret, vins d&#039;Aigle Grand Cru\" \/>\n<meta property=\"article:published_time\" content=\"2023-04-28T05:15:00+00:00\" \/>\n<meta property=\"article:modified_time\" content=\"2023-05-25T16:01:53+00:00\" \/>\n<meta property=\"og:image\" content=\"https:\/\/www.moret.ch\/aigle\/wp-content\/uploads\/2020\/11\/20200425_135245-scaled.jpg\" \/>\n\t<meta property=\"og:image:width\" content=\"2560\" \/>\n\t<meta property=\"og:image:height\" content=\"1920\" \/>\n\t<meta property=\"og:image:type\" content=\"image\/jpeg\" \/>\n<meta name=\"author\" content=\"Raoul Moret\" \/>\n<meta name=\"twitter:card\" content=\"summary_large_image\" \/>\n<meta name=\"twitter:label1\" content=\"\u00c9crit par\" \/>\n\t<meta name=\"twitter:data1\" content=\"Raoul Moret\" \/>\n\t<meta name=\"twitter:label2\" content=\"Dur\u00e9e de lecture estim\u00e9e\" \/>\n\t<meta name=\"twitter:data2\" content=\"1 minute\" \/>\n<script type=\"application\/ld+json\" class=\"yoast-schema-graph\">{\"@context\":\"https:\/\/schema.org\",\"@graph\":[{\"@type\":\"WebPage\",\"@id\":\"https:\/\/www.moret.ch\/aigle\/accueil-3\/\",\"url\":\"https:\/\/www.moret.ch\/aigle\/accueil-3\/\",\"name\":\"Horaires d'ouverture - Raoul et Stefanie Moret, vins d'Aigle Grand Cru\",\"isPartOf\":{\"@id\":\"https:\/\/www.moret.ch\/aigle\/#website\"},\"datePublished\":\"2023-04-28T05:15:00+00:00\",\"dateModified\":\"2023-05-25T16:01:53+00:00\",\"author\":{\"@id\":\"https:\/\/www.moret.ch\/aigle\/#\/schema\/person\/45deca90c2425a855063cef9fed9f3d2\"},\"description\":\"Notre \u0152nologue, Raoul Moret vous re\u00e7oit pour une d\u00e9gustation de nos vins d'Aigle. Notre cave est ouverte le samedi de 10h \u00e0 12h ou sur rendez-vous.\",\"breadcrumb\":{\"@id\":\"https:\/\/www.moret.ch\/aigle\/accueil-3\/#breadcrumb\"},\"inLanguage\":\"fr-FR\",\"potentialAction\":[{\"@type\":\"ReadAction\",\"target\":[\"https:\/\/www.moret.ch\/aigle\/accueil-3\/\"]}]},{\"@type\":\"BreadcrumbList\",\"@id\":\"https:\/\/www.moret.ch\/aigle\/accueil-3\/#breadcrumb\",\"itemListElement\":[{\"@type\":\"ListItem\",\"position\":1,\"name\":\"Accueil\",\"item\":\"https:\/\/www.moret.ch\/aigle\/\"},{\"@type\":\"ListItem\",\"position\":2,\"name\":\"Horaires d&rsquo;ouverture\"}]},{\"@type\":\"WebSite\",\"@id\":\"https:\/\/www.moret.ch\/aigle\/#website\",\"url\":\"https:\/\/www.moret.ch\/aigle\/\",\"name\":\"Raoul et Stefanie Moret, vins d'Aigle Grand Cru\",\"description\":\"Vin d'Aigle Grand Cru\",\"potentialAction\":[{\"@type\":\"SearchAction\",\"target\":{\"@type\":\"EntryPoint\",\"urlTemplate\":\"https:\/\/www.moret.ch\/aigle\/?s={search_term_string}\"},\"query-input\":\"required name=search_term_string\"}],\"inLanguage\":\"fr-FR\"},{\"@type\":\"Person\",\"@id\":\"https:\/\/www.moret.ch\/aigle\/#\/schema\/person\/45deca90c2425a855063cef9fed9f3d2\",\"name\":\"Raoul Moret\",\"image\":{\"@type\":\"ImageObject\",\"inLanguage\":\"fr-FR\",\"@id\":\"https:\/\/www.moret.ch\/aigle\/#\/schema\/person\/image\/\",\"url\":\"https:\/\/secure.gravatar.com\/avatar\/0d74e865143c5e946ed7499e5e70be65?s=96&d=mm&r=g\",\"contentUrl\":\"https:\/\/secure.gravatar.com\/avatar\/0d74e865143c5e946ed7499e5e70be65?s=96&d=mm&r=g\",\"caption\":\"Raoul Moret\"},\"url\":\"https:\/\/www.moret.ch\/aigle\/author\/admin\/\"}]}<\/script>\n<!-- \/ Yoast SEO plugin. -->","yoast_head_json":{"title":"Horaires d'ouverture - Raoul et Stefanie Moret, vins d'Aigle Grand Cru","description":"Notre \u0152nologue, Raoul Moret vous re\u00e7oit pour une d\u00e9gustation de nos vins d'Aigle. Notre cave est ouverte le samedi de 10h \u00e0 12h ou sur rendez-vous.","robots":{"index":"index","follow":"follow","max-snippet":"max-snippet:-1","max-image-preview":"max-image-preview:large","max-video-preview":"max-video-preview:-1"},"canonical":"https:\/\/www.moret.ch\/aigle\/accueil-3\/","og_locale":"fr_FR","og_type":"article","og_title":"Horaires d'ouverture - Raoul et Stefanie Moret, vins d'Aigle Grand Cru","og_description":"Notre \u0152nologue, Raoul Moret vous re\u00e7oit pour une d\u00e9gustation de nos vins d'Aigle. Notre cave est ouverte le samedi de 10h \u00e0 12h ou sur rendez-vous.","og_url":"https:\/\/www.moret.ch\/aigle\/accueil-3\/","og_site_name":"Raoul et Stefanie Moret, vins d'Aigle Grand Cru","article_published_time":"2023-04-28T05:15:00+00:00","article_modified_time":"2023-05-25T16:01:53+00:00","og_image":[{"width":2560,"height":1920,"url":"https:\/\/www.moret.ch\/aigle\/wp-content\/uploads\/2020\/11\/20200425_135245-scaled.jpg","type":"image\/jpeg"}],"author":"Raoul Moret","twitter_card":"summary_large_image","twitter_misc":{"\u00c9crit par":"Raoul Moret","Dur\u00e9e de lecture estim\u00e9e":"1 minute"},"schema":{"@context":"https:\/\/schema.org","@graph":[{"@type":"WebPage","@id":"https:\/\/www.moret.ch\/aigle\/accueil-3\/","url":"https:\/\/www.moret.ch\/aigle\/accueil-3\/","name":"Horaires d'ouverture - Raoul et Stefanie Moret, vins d'Aigle Grand Cru","isPartOf":{"@id":"https:\/\/www.moret.ch\/aigle\/#website"},"datePublished":"2023-04-28T05:15:00+00:00","dateModified":"2023-05-25T16:01:53+00:00","author":{"@id":"https:\/\/www.moret.ch\/aigle\/#\/schema\/person\/45deca90c2425a855063cef9fed9f3d2"},"description":"Notre \u0152nologue, Raoul Moret vous re\u00e7oit pour une d\u00e9gustation de nos vins d'Aigle. Notre cave est ouverte le samedi de 10h \u00e0 12h ou sur rendez-vous.","breadcrumb":{"@id":"https:\/\/www.moret.ch\/aigle\/accueil-3\/#breadcrumb"},"inLanguage":"fr-FR","potentialAction":[{"@type":"ReadAction","target":["https:\/\/www.moret.ch\/aigle\/accueil-3\/"]}]},{"@type":"BreadcrumbList","@id":"https:\/\/www.moret.ch\/aigle\/accueil-3\/#breadcrumb","itemListElement":[{"@type":"ListItem","position":1,"name":"Accueil","item":"https:\/\/www.moret.ch\/aigle\/"},{"@type":"ListItem","position":2,"name":"Horaires d&rsquo;ouverture"}]},{"@type":"WebSite","@id":"https:\/\/www.moret.ch\/aigle\/#website","url":"https:\/\/www.moret.ch\/aigle\/","name":"Raoul et Stefanie Moret, vins d'Aigle Grand Cru","description":"Vin d'Aigle Grand Cru","potentialAction":[{"@type":"SearchAction","target":{"@type":"EntryPoint","urlTemplate":"https:\/\/www.moret.ch\/aigle\/?s={search_term_string}"},"query-input":"required name=search_term_string"}],"inLanguage":"fr-FR"},{"@type":"Person","@id":"https:\/\/www.moret.ch\/aigle\/#\/schema\/person\/45deca90c2425a855063cef9fed9f3d2","name":"Raoul Moret","image":{"@type":"ImageObject","inLanguage":"fr-FR","@id":"https:\/\/www.moret.ch\/aigle\/#\/schema\/person\/image\/","url":"https:\/\/secure.gravatar.com\/avatar\/0d74e865143c5e946ed7499e5e70be65?s=96&d=mm&r=g","contentUrl":"https:\/\/secure.gravatar.com\/avatar\/0d74e865143c5e946ed7499e5e70be65?s=96&d=mm&r=g","caption":"Raoul Moret"},"url":"https:\/\/www.moret.ch\/aigle\/author\/admin\/"}]}},"_links":{"self":[{"href":"https:\/\/www.moret.ch\/aigle\/wp-json\/wp\/v2\/posts\/40","targetHints":{"allow":["GET"]}}],"collection":[{"href":"https:\/\/www.moret.ch\/aigle\/wp-json\/wp\/v2\/posts"}],"about":[{"href":"https:\/\/www.moret.ch\/aigle\/wp-json\/wp\/v2\/types\/post"}],"author":[{"embeddable":true,"href":"https:\/\/www.moret.ch\/aigle\/wp-json\/wp\/v2\/users\/1"}],"replies":[{"embeddable":true,"href":"https:\/\/www.moret.ch\/aigle\/wp-json\/wp\/v2\/comments?post=40"}],"version-history":[{"count":29,"href":"https:\/\/www.moret.ch\/aigle\/wp-json\/wp\/v2\/posts\/40\/revisions"}],"predecessor-version":[{"id":875,"href":"https:\/\/www.moret.ch\/aigle\/wp-json\/wp\/v2\/posts\/40\/revisions\/875"}],"wp:featuredmedia":[{"embeddable":true,"href":"https:\/\/www.moret.ch\/aigle\/wp-json\/wp\/v2\/media\/656"}],"wp:attachment":[{"href":"https:\/\/www.moret.ch\/aigle\/wp-json\/wp\/v2\/media?parent=40"}],"wp:term":[{"taxonomy":"category","embeddable":true,"href":"https:\/\/www.moret.ch\/aigle\/wp-json\/wp\/v2\/categories?post=40"},{"taxonomy":"post_tag","embeddable":true,"href":"https:\/\/www.moret.ch\/aigle\/wp-json\/wp\/v2\/tags?post=40"}],"curies":[{"name":"wp","href":"https:\/\/api.w.org\/{rel}","templated":true}]}}