{"id":24,"date":"2021-05-06T14:29:00","date_gmt":"2021-05-06T13:29:00","guid":{"rendered":"https:\/\/www.moret.ch\/aigle\/?p=24"},"modified":"2022-11-24T18:43:19","modified_gmt":"2022-11-24T17:43:19","slug":"notre-caveau","status":"publish","type":"post","link":"https:\/\/www.moret.ch\/aigle\/notre-caveau\/","title":{"rendered":"Caveau"},"content":{"rendered":"<p>Nous vous recevons toujours avec plaisir le samedi de 10h \u00e0 12h ou sur rendez-vous (079 347 49 81) \u00e0 notre cave du<span class=\"Apple-converted-space\">&nbsp;<\/span><a href=\"https:\/\/www.google.ch\/maps\/@46.3152369,6.9755234,20z\/data=!3m1!1e3\">chemin du Ch\u00e2teau 29 \u00e0 Aigle.<\/a> Nous pouvons accueillir jusqu&rsquo;\u00e0 20 personnes. Vous aurez l&rsquo;occasion de d\u00e9guster nos crus avec notre \u0152nologue, Raoul Moret. En annon\u00e7ant votre visite, vous n&rsquo;en serez que mieux re\u00e7u.<\/p>\n<p>Vous pouvez parquer \u00e0 c\u00f4t\u00e9 de notre cave sur les 3 places r\u00e9serv\u00e9es \u00e0 cet effet (cliquer sur la 3\u00e8me image).<\/p>\n<div id='gallery-1' class='gallery galleryid-24 gallery-columns-3 gallery-size-thumbnail'><figure class='gallery-item'>\n\t\t\t<div class='gallery-icon landscape'>\n\t\t\t\t<a href='https:\/\/www.moret.ch\/aigle\/wp-content\/uploads\/2016\/09\/caveaublanc.jpg'><img loading=\"lazy\" decoding=\"async\" width=\"150\" height=\"150\" src=\"https:\/\/www.moret.ch\/aigle\/wp-content\/uploads\/2016\/09\/caveaublanc-150x150.jpg\" class=\"attachment-thumbnail size-thumbnail\" alt=\"\" aria-describedby=\"gallery-1-389\" srcset=\"https:\/\/www.moret.ch\/aigle\/wp-content\/uploads\/2016\/09\/caveaublanc-150x150.jpg 150w, https:\/\/www.moret.ch\/aigle\/wp-content\/uploads\/2016\/09\/caveaublanc-70x70.jpg 70w\" sizes=\"auto, (max-width: 150px) 100vw, 150px\" \/><\/a>\n\t\t\t<\/div>\n\t\t\t\t<figcaption class='wp-caption-text gallery-caption' id='gallery-1-389'>\n\t\t\t\tNotre caveau\n\t\t\t\t<\/figcaption><\/figure><figure class='gallery-item'>\n\t\t\t<div class='gallery-icon landscape'>\n\t\t\t\t<a href='https:\/\/www.moret.ch\/aigle\/wp-content\/uploads\/2016\/02\/porte-3.jpg'><img loading=\"lazy\" decoding=\"async\" width=\"150\" height=\"150\" src=\"https:\/\/www.moret.ch\/aigle\/wp-content\/uploads\/2016\/02\/porte-3-150x150.jpg\" class=\"attachment-thumbnail size-thumbnail\" alt=\"\" aria-describedby=\"gallery-1-118\" srcset=\"https:\/\/www.moret.ch\/aigle\/wp-content\/uploads\/2016\/02\/porte-3-150x150.jpg 150w, https:\/\/www.moret.ch\/aigle\/wp-content\/uploads\/2016\/02\/porte-3-70x70.jpg 70w\" sizes=\"auto, (max-width: 150px) 100vw, 150px\" \/><\/a>\n\t\t\t<\/div>\n\t\t\t\t<figcaption class='wp-caption-text gallery-caption' id='gallery-1-118'>\n\t\t\t\tEntr\u00e9e de la cave\n\t\t\t\t<\/figcaption><\/figure><figure class='gallery-item'>\n\t\t\t<div class='gallery-icon landscape'>\n\t\t\t\t<a href='https:\/\/www.moret.ch\/aigle\/wp-content\/uploads\/2016\/02\/plan.png'><img loading=\"lazy\" decoding=\"async\" width=\"150\" height=\"150\" src=\"https:\/\/www.moret.ch\/aigle\/wp-content\/uploads\/2016\/02\/plan-150x150.png\" class=\"attachment-thumbnail size-thumbnail\" alt=\"\" aria-describedby=\"gallery-1-113\" srcset=\"https:\/\/www.moret.ch\/aigle\/wp-content\/uploads\/2016\/02\/plan-150x150.png 150w, https:\/\/www.moret.ch\/aigle\/wp-content\/uploads\/2016\/02\/plan-70x70.png 70w\" sizes=\"auto, (max-width: 150px) 100vw, 150px\" \/><\/a>\n\t\t\t<\/div>\n\t\t\t\t<figcaption class='wp-caption-text gallery-caption' id='gallery-1-113'>\n\t\t\t\tParking \u00e0 c\u00f4t\u00e9\n\t\t\t\t<\/figcaption><\/figure>\n\t\t<\/div>\n\n","protected":false},"excerpt":{"rendered":"<p>Nous vous recevons toujours avec plaisir le samedi de 10h \u00e0 12h ou sur rendez-vous (079 347 49 81) \u00e0 notre cave du&nbsp;chemin du Ch\u00e2teau 29 \u00e0 Aigle. Nous pouvons accueillir jusqu&rsquo;\u00e0 20 personnes. Vous aurez l&rsquo;occasion de d\u00e9guster nos crus avec notre \u0152nologue, Raoul Moret. En annon\u00e7ant votre visite, vous n&rsquo;en serez que mieux re\u00e7u. Vous pouvez parquer \u00e0 c\u00f4t\u00e9 de notre cave sur les 3 places r\u00e9serv\u00e9es \u00e0&#8230;<\/p>\n","protected":false},"author":1,"featured_media":389,"comment_status":"closed","ping_status":"open","sticky":false,"template":"","format":"standard","meta":{"_exactmetrics_skip_tracking":false,"_exactmetrics_sitenote_active":false,"_exactmetrics_sitenote_note":"","_exactmetrics_sitenote_category":0,"footnotes":""},"categories":[1],"tags":[],"class_list":["post-24","post","type-post","status-publish","format-standard","has-post-thumbnail","hentry","category-menu"],"yoast_head":"<!-- This site is optimized with the Yoast SEO plugin v21.1 - https:\/\/yoast.com\/wordpress\/plugins\/seo\/ -->\n<title>Caveau - Raoul et Stefanie Moret, vins d&#039;Aigle Grand Cru<\/title>\n<meta name=\"robots\" content=\"index, follow, max-snippet:-1, max-image-preview:large, max-video-preview:-1\" \/>\n<link rel=\"canonical\" href=\"https:\/\/www.moret.ch\/aigle\/notre-caveau\/\" \/>\n<meta property=\"og:locale\" content=\"fr_FR\" \/>\n<meta property=\"og:type\" content=\"article\" \/>\n<meta property=\"og:title\" content=\"Caveau - Raoul et Stefanie Moret, vins d&#039;Aigle Grand Cru\" \/>\n<meta property=\"og:description\" content=\"Nous vous recevons toujours avec plaisir le samedi de 10h \u00e0 12h ou sur rendez-vous (079 347 49 81) \u00e0 notre cave du&nbsp;chemin du Ch\u00e2teau 29 \u00e0 Aigle. Nous pouvons accueillir jusqu&rsquo;\u00e0 20 personnes. Vous aurez l&rsquo;occasion de d\u00e9guster nos crus avec notre \u0152nologue, Raoul Moret. En annon\u00e7ant votre visite, vous n&rsquo;en serez que mieux re\u00e7u. Vous pouvez parquer \u00e0 c\u00f4t\u00e9 de notre cave sur les 3 places r\u00e9serv\u00e9es \u00e0...\" \/>\n<meta property=\"og:url\" content=\"https:\/\/www.moret.ch\/aigle\/notre-caveau\/\" \/>\n<meta property=\"og:site_name\" content=\"Raoul et Stefanie Moret, vins d&#039;Aigle Grand Cru\" \/>\n<meta property=\"article:published_time\" content=\"2021-05-06T13:29:00+00:00\" \/>\n<meta property=\"article:modified_time\" content=\"2022-11-24T17:43:19+00:00\" \/>\n<meta property=\"og:image\" content=\"https:\/\/www.moret.ch\/aigle\/wp-content\/uploads\/2016\/09\/caveaublanc-644x483.jpg\" \/>\n\t<meta property=\"og:image:width\" content=\"644\" \/>\n\t<meta property=\"og:image:height\" content=\"483\" \/>\n\t<meta property=\"og:image:type\" content=\"image\/jpeg\" \/>\n<meta name=\"author\" content=\"Raoul Moret\" \/>\n<meta name=\"twitter:card\" content=\"summary_large_image\" \/>\n<meta name=\"twitter:label1\" content=\"\u00c9crit par\" \/>\n\t<meta name=\"twitter:data1\" content=\"Raoul Moret\" \/>\n\t<meta name=\"twitter:label2\" content=\"Dur\u00e9e de lecture estim\u00e9e\" \/>\n\t<meta name=\"twitter:data2\" content=\"1 minute\" \/>\n<script type=\"application\/ld+json\" class=\"yoast-schema-graph\">{\"@context\":\"https:\/\/schema.org\",\"@graph\":[{\"@type\":\"WebPage\",\"@id\":\"https:\/\/www.moret.ch\/aigle\/notre-caveau\/\",\"url\":\"https:\/\/www.moret.ch\/aigle\/notre-caveau\/\",\"name\":\"Caveau - Raoul et Stefanie Moret, vins d'Aigle Grand Cru\",\"isPartOf\":{\"@id\":\"https:\/\/www.moret.ch\/aigle\/#website\"},\"datePublished\":\"2021-05-06T13:29:00+00:00\",\"dateModified\":\"2022-11-24T17:43:19+00:00\",\"author\":{\"@id\":\"https:\/\/www.moret.ch\/aigle\/#\/schema\/person\/45deca90c2425a855063cef9fed9f3d2\"},\"breadcrumb\":{\"@id\":\"https:\/\/www.moret.ch\/aigle\/notre-caveau\/#breadcrumb\"},\"inLanguage\":\"fr-FR\",\"potentialAction\":[{\"@type\":\"ReadAction\",\"target\":[\"https:\/\/www.moret.ch\/aigle\/notre-caveau\/\"]}]},{\"@type\":\"BreadcrumbList\",\"@id\":\"https:\/\/www.moret.ch\/aigle\/notre-caveau\/#breadcrumb\",\"itemListElement\":[{\"@type\":\"ListItem\",\"position\":1,\"name\":\"Accueil\",\"item\":\"https:\/\/www.moret.ch\/aigle\/\"},{\"@type\":\"ListItem\",\"position\":2,\"name\":\"Caveau\"}]},{\"@type\":\"WebSite\",\"@id\":\"https:\/\/www.moret.ch\/aigle\/#website\",\"url\":\"https:\/\/www.moret.ch\/aigle\/\",\"name\":\"Raoul et Stefanie Moret, vins d'Aigle Grand Cru\",\"description\":\"Vin d'Aigle Grand Cru\",\"potentialAction\":[{\"@type\":\"SearchAction\",\"target\":{\"@type\":\"EntryPoint\",\"urlTemplate\":\"https:\/\/www.moret.ch\/aigle\/?s={search_term_string}\"},\"query-input\":\"required name=search_term_string\"}],\"inLanguage\":\"fr-FR\"},{\"@type\":\"Person\",\"@id\":\"https:\/\/www.moret.ch\/aigle\/#\/schema\/person\/45deca90c2425a855063cef9fed9f3d2\",\"name\":\"Raoul Moret\",\"image\":{\"@type\":\"ImageObject\",\"inLanguage\":\"fr-FR\",\"@id\":\"https:\/\/www.moret.ch\/aigle\/#\/schema\/person\/image\/\",\"url\":\"https:\/\/secure.gravatar.com\/avatar\/0d74e865143c5e946ed7499e5e70be65?s=96&d=mm&r=g\",\"contentUrl\":\"https:\/\/secure.gravatar.com\/avatar\/0d74e865143c5e946ed7499e5e70be65?s=96&d=mm&r=g\",\"caption\":\"Raoul Moret\"},\"url\":\"https:\/\/www.moret.ch\/aigle\/author\/admin\/\"}]}<\/script>\n<!-- \/ Yoast SEO plugin. -->","yoast_head_json":{"title":"Caveau - Raoul et Stefanie Moret, vins d'Aigle Grand Cru","robots":{"index":"index","follow":"follow","max-snippet":"max-snippet:-1","max-image-preview":"max-image-preview:large","max-video-preview":"max-video-preview:-1"},"canonical":"https:\/\/www.moret.ch\/aigle\/notre-caveau\/","og_locale":"fr_FR","og_type":"article","og_title":"Caveau - Raoul et Stefanie Moret, vins d'Aigle Grand Cru","og_description":"Nous vous recevons toujours avec plaisir le samedi de 10h \u00e0 12h ou sur rendez-vous (079 347 49 81) \u00e0 notre cave du&nbsp;chemin du Ch\u00e2teau 29 \u00e0 Aigle. Nous pouvons accueillir jusqu&rsquo;\u00e0 20 personnes. Vous aurez l&rsquo;occasion de d\u00e9guster nos crus avec notre \u0152nologue, Raoul Moret. En annon\u00e7ant votre visite, vous n&rsquo;en serez que mieux re\u00e7u. Vous pouvez parquer \u00e0 c\u00f4t\u00e9 de notre cave sur les 3 places r\u00e9serv\u00e9es \u00e0...","og_url":"https:\/\/www.moret.ch\/aigle\/notre-caveau\/","og_site_name":"Raoul et Stefanie Moret, vins d'Aigle Grand Cru","article_published_time":"2021-05-06T13:29:00+00:00","article_modified_time":"2022-11-24T17:43:19+00:00","og_image":[{"width":644,"height":483,"url":"https:\/\/www.moret.ch\/aigle\/wp-content\/uploads\/2016\/09\/caveaublanc-644x483.jpg","type":"image\/jpeg"}],"author":"Raoul Moret","twitter_card":"summary_large_image","twitter_misc":{"\u00c9crit par":"Raoul Moret","Dur\u00e9e de lecture estim\u00e9e":"1 minute"},"schema":{"@context":"https:\/\/schema.org","@graph":[{"@type":"WebPage","@id":"https:\/\/www.moret.ch\/aigle\/notre-caveau\/","url":"https:\/\/www.moret.ch\/aigle\/notre-caveau\/","name":"Caveau - Raoul et Stefanie Moret, vins d'Aigle Grand Cru","isPartOf":{"@id":"https:\/\/www.moret.ch\/aigle\/#website"},"datePublished":"2021-05-06T13:29:00+00:00","dateModified":"2022-11-24T17:43:19+00:00","author":{"@id":"https:\/\/www.moret.ch\/aigle\/#\/schema\/person\/45deca90c2425a855063cef9fed9f3d2"},"breadcrumb":{"@id":"https:\/\/www.moret.ch\/aigle\/notre-caveau\/#breadcrumb"},"inLanguage":"fr-FR","potentialAction":[{"@type":"ReadAction","target":["https:\/\/www.moret.ch\/aigle\/notre-caveau\/"]}]},{"@type":"BreadcrumbList","@id":"https:\/\/www.moret.ch\/aigle\/notre-caveau\/#breadcrumb","itemListElement":[{"@type":"ListItem","position":1,"name":"Accueil","item":"https:\/\/www.moret.ch\/aigle\/"},{"@type":"ListItem","position":2,"name":"Caveau"}]},{"@type":"WebSite","@id":"https:\/\/www.moret.ch\/aigle\/#website","url":"https:\/\/www.moret.ch\/aigle\/","name":"Raoul et Stefanie Moret, vins d'Aigle Grand Cru","description":"Vin d'Aigle Grand Cru","potentialAction":[{"@type":"SearchAction","target":{"@type":"EntryPoint","urlTemplate":"https:\/\/www.moret.ch\/aigle\/?s={search_term_string}"},"query-input":"required name=search_term_string"}],"inLanguage":"fr-FR"},{"@type":"Person","@id":"https:\/\/www.moret.ch\/aigle\/#\/schema\/person\/45deca90c2425a855063cef9fed9f3d2","name":"Raoul Moret","image":{"@type":"ImageObject","inLanguage":"fr-FR","@id":"https:\/\/www.moret.ch\/aigle\/#\/schema\/person\/image\/","url":"https:\/\/secure.gravatar.com\/avatar\/0d74e865143c5e946ed7499e5e70be65?s=96&d=mm&r=g","contentUrl":"https:\/\/secure.gravatar.com\/avatar\/0d74e865143c5e946ed7499e5e70be65?s=96&d=mm&r=g","caption":"Raoul Moret"},"url":"https:\/\/www.moret.ch\/aigle\/author\/admin\/"}]}},"_links":{"self":[{"href":"https:\/\/www.moret.ch\/aigle\/wp-json\/wp\/v2\/posts\/24","targetHints":{"allow":["GET"]}}],"collection":[{"href":"https:\/\/www.moret.ch\/aigle\/wp-json\/wp\/v2\/posts"}],"about":[{"href":"https:\/\/www.moret.ch\/aigle\/wp-json\/wp\/v2\/types\/post"}],"author":[{"embeddable":true,"href":"https:\/\/www.moret.ch\/aigle\/wp-json\/wp\/v2\/users\/1"}],"replies":[{"embeddable":true,"href":"https:\/\/www.moret.ch\/aigle\/wp-json\/wp\/v2\/comments?post=24"}],"version-history":[{"count":35,"href":"https:\/\/www.moret.ch\/aigle\/wp-json\/wp\/v2\/posts\/24\/revisions"}],"predecessor-version":[{"id":851,"href":"https:\/\/www.moret.ch\/aigle\/wp-json\/wp\/v2\/posts\/24\/revisions\/851"}],"wp:featuredmedia":[{"embeddable":true,"href":"https:\/\/www.moret.ch\/aigle\/wp-json\/wp\/v2\/media\/389"}],"wp:attachment":[{"href":"https:\/\/www.moret.ch\/aigle\/wp-json\/wp\/v2\/media?parent=24"}],"wp:term":[{"taxonomy":"category","embeddable":true,"href":"https:\/\/www.moret.ch\/aigle\/wp-json\/wp\/v2\/categories?post=24"},{"taxonomy":"post_tag","embeddable":true,"href":"https:\/\/www.moret.ch\/aigle\/wp-json\/wp\/v2\/tags?post=24"}],"curies":[{"name":"wp","href":"https:\/\/api.w.org\/{rel}","templated":true}]}}