{"id":22,"date":"2023-09-01T14:29:00","date_gmt":"2023-09-01T13:29:00","guid":{"rendered":"https:\/\/www.moret.ch\/aigle\/?p=22"},"modified":"2025-11-27T10:02:32","modified_gmt":"2025-11-27T09:02:32","slug":"nos-vignes-2","status":"publish","type":"post","link":"https:\/\/www.moret.ch\/aigle\/nos-vignes-2\/","title":{"rendered":"Vignes"},"content":{"rendered":"<div class=\"entry-header\" style=\"font: 300 14px\/24px 'Open Sans', sans-serif; color: #333333; text-transform: none; text-indent: 0px; letter-spacing: normal; margin-bottom: 30px; word-spacing: 0px; white-space: normal; position: relative; box-sizing: border-box; widows: 1; font-size-adjust: none; font-stretch: normal; background-color: #ffffff; -webkit-text-stroke-width: 0px;\">\n<h2 style=\"margin: 8px 0px 0px; color: inherit; line-height: 1; font-family: 'Open Sans', sans-serif; font-size: 24px; font-weight: 600; box-sizing: border-box;\">Terroir<\/h2>\n<\/div>\n<div style=\"font: 300 14px\/24px 'Open Sans', sans-serif; color: #333333; text-transform: none; text-indent: 0px; letter-spacing: normal; word-spacing: 0px; white-space: normal; box-sizing: border-box; widows: 1; font-size-adjust: none; font-stretch: normal; background-color: #ffffff; -webkit-text-stroke-width: 0px;\">\n<div class=\"detail03LeftPicsLeft\">\n<p>Nos vignes sont situ\u00e9es \u00e0 Aigle et b\u00e9n\u00e9ficient d&rsquo;un ensoleillement maximal. Notre sol est alluvionnaire dans la zone proche du Ch\u00e2teau d&rsquo;Aigle et issu de moraine lat\u00e9rale sur les terrasses de Plantour. La plupart des travaux sont manuels en raison de la forte pente des vignobles, de nos nombreux murs en pierre s\u00e8che et de nos objectifs de qualit\u00e9. Les vendanges sont donc \u00e9videmment effectu\u00e9es \u00e0 la main, de m\u00eame que la taille, l&rsquo;\u00e9bourgeonnage, le palissage, etc. Ce travail manuel augmente fortement la qualit\u00e9 de nos vins.<\/p>\n<p>Au niveau \u00e9cologique, nous sommes en production int\u00e9gr\u00e9e (label PI). Nous nous sommes donc engag\u00e9s pour une viticulture durable, respectueuse de l&rsquo;environnement et de la sant\u00e9 de nos clients.<\/p>\n<\/div>\n<div id='gallery-1' class='gallery galleryid-22 gallery-columns-3 gallery-size-thumbnail'><figure class='gallery-item'>\n\t\t\t<div class='gallery-icon landscape'>\n\t\t\t\t<a href='https:\/\/www.moret.ch\/aigle\/wp-content\/uploads\/2016\/02\/vignes-e1457001985596.jpg'><img loading=\"lazy\" decoding=\"async\" width=\"150\" height=\"150\" src=\"https:\/\/www.moret.ch\/aigle\/wp-content\/uploads\/2016\/02\/vignes-150x150.jpg\" class=\"attachment-thumbnail size-thumbnail\" alt=\"\" aria-describedby=\"gallery-1-76\" srcset=\"https:\/\/www.moret.ch\/aigle\/wp-content\/uploads\/2016\/02\/vignes-150x150.jpg 150w, https:\/\/www.moret.ch\/aigle\/wp-content\/uploads\/2016\/02\/vignes-70x70.jpg 70w\" sizes=\"auto, (max-width: 150px) 100vw, 150px\" \/><\/a>\n\t\t\t<\/div>\n\t\t\t\t<figcaption class='wp-caption-text gallery-caption' id='gallery-1-76'>\n\t\t\t\tMur en pierre s\u00e8che\n\t\t\t\t<\/figcaption><\/figure><figure class='gallery-item'>\n\t\t\t<div class='gallery-icon landscape'>\n\t\t\t\t<a href='https:\/\/www.moret.ch\/aigle\/wp-content\/uploads\/2016\/02\/Photo-021.jpg'><img loading=\"lazy\" decoding=\"async\" width=\"150\" height=\"150\" src=\"https:\/\/www.moret.ch\/aigle\/wp-content\/uploads\/2016\/02\/Photo-021-150x150.jpg\" class=\"attachment-thumbnail size-thumbnail\" alt=\"\" aria-describedby=\"gallery-1-124\" srcset=\"https:\/\/www.moret.ch\/aigle\/wp-content\/uploads\/2016\/02\/Photo-021-150x150.jpg 150w, https:\/\/www.moret.ch\/aigle\/wp-content\/uploads\/2016\/02\/Photo-021-70x70.jpg 70w\" sizes=\"auto, (max-width: 150px) 100vw, 150px\" \/><\/a>\n\t\t\t<\/div>\n\t\t\t\t<figcaption class='wp-caption-text gallery-caption' id='gallery-1-124'>\n\t\t\t\tVignes en pente\n\t\t\t\t<\/figcaption><\/figure><figure class='gallery-item'>\n\t\t\t<div class='gallery-icon portrait'>\n\t\t\t\t<a href='https:\/\/www.moret.ch\/aigle\/wp-content\/uploads\/2025\/11\/certificat-PI-2025-scaled.jpg'><img loading=\"lazy\" decoding=\"async\" width=\"150\" height=\"150\" src=\"https:\/\/www.moret.ch\/aigle\/wp-content\/uploads\/2025\/11\/certificat-PI-2025-150x150.jpg\" class=\"attachment-thumbnail size-thumbnail\" alt=\"\" aria-describedby=\"gallery-1-983\" srcset=\"https:\/\/www.moret.ch\/aigle\/wp-content\/uploads\/2025\/11\/certificat-PI-2025-150x150.jpg 150w, https:\/\/www.moret.ch\/aigle\/wp-content\/uploads\/2025\/11\/certificat-PI-2025-70x70.jpg 70w\" sizes=\"auto, (max-width: 150px) 100vw, 150px\" \/><\/a>\n\t\t\t<\/div>\n\t\t\t\t<figcaption class='wp-caption-text gallery-caption' id='gallery-1-983'>\n\t\t\t\tD\u00e9veloppement durable\n\t\t\t\t<\/figcaption><\/figure>\n\t\t<\/div>\n\n<\/div>\n","protected":false},"excerpt":{"rendered":"<p>Terroir Nos vignes sont situ\u00e9es \u00e0 Aigle et b\u00e9n\u00e9ficient d&rsquo;un ensoleillement maximal. Notre sol est alluvionnaire dans la zone proche du Ch\u00e2teau d&rsquo;Aigle et issu de moraine lat\u00e9rale sur les terrasses de Plantour. La plupart des travaux sont manuels en raison de la forte pente des vignobles, de nos nombreux murs en pierre s\u00e8che et de nos objectifs de qualit\u00e9. Les vendanges sont donc \u00e9videmment effectu\u00e9es \u00e0 la main, de&#8230;<\/p>\n","protected":false},"author":1,"featured_media":615,"comment_status":"closed","ping_status":"closed","sticky":false,"template":"","format":"standard","meta":{"_exactmetrics_skip_tracking":false,"_exactmetrics_sitenote_active":false,"_exactmetrics_sitenote_note":"","_exactmetrics_sitenote_category":0,"footnotes":""},"categories":[1],"tags":[],"class_list":["post-22","post","type-post","status-publish","format-standard","has-post-thumbnail","hentry","category-menu"],"yoast_head":"<!-- This site is optimized with the Yoast SEO plugin v21.1 - https:\/\/yoast.com\/wordpress\/plugins\/seo\/ -->\n<title>Vignes - Raoul et Stefanie Moret, vins d&#039;Aigle Grand Cru<\/title>\n<meta name=\"robots\" content=\"index, follow, max-snippet:-1, max-image-preview:large, max-video-preview:-1\" \/>\n<link rel=\"canonical\" href=\"https:\/\/www.moret.ch\/aigle\/nos-vignes-2\/\" \/>\n<meta property=\"og:locale\" content=\"fr_FR\" \/>\n<meta property=\"og:type\" content=\"article\" \/>\n<meta property=\"og:title\" content=\"Vignes - Raoul et Stefanie Moret, vins d&#039;Aigle Grand Cru\" \/>\n<meta property=\"og:description\" content=\"Terroir Nos vignes sont situ\u00e9es \u00e0 Aigle et b\u00e9n\u00e9ficient d&rsquo;un ensoleillement maximal. Notre sol est alluvionnaire dans la zone proche du Ch\u00e2teau d&rsquo;Aigle et issu de moraine lat\u00e9rale sur les terrasses de Plantour. La plupart des travaux sont manuels en raison de la forte pente des vignobles, de nos nombreux murs en pierre s\u00e8che et de nos objectifs de qualit\u00e9. Les vendanges sont donc \u00e9videmment effectu\u00e9es \u00e0 la main, de...\" \/>\n<meta property=\"og:url\" content=\"https:\/\/www.moret.ch\/aigle\/nos-vignes-2\/\" \/>\n<meta property=\"og:site_name\" content=\"Raoul et Stefanie Moret, vins d&#039;Aigle Grand Cru\" \/>\n<meta property=\"article:published_time\" content=\"2023-09-01T13:29:00+00:00\" \/>\n<meta property=\"article:modified_time\" content=\"2025-11-27T09:02:32+00:00\" \/>\n<meta property=\"og:image\" content=\"https:\/\/www.moret.ch\/aigle\/wp-content\/uploads\/2020\/04\/20200424_082006-scaled.jpg\" \/>\n\t<meta property=\"og:image:width\" content=\"2560\" \/>\n\t<meta property=\"og:image:height\" content=\"1920\" \/>\n\t<meta property=\"og:image:type\" content=\"image\/jpeg\" \/>\n<meta name=\"author\" content=\"Raoul Moret\" \/>\n<meta name=\"twitter:card\" content=\"summary_large_image\" \/>\n<meta name=\"twitter:label1\" content=\"\u00c9crit par\" \/>\n\t<meta name=\"twitter:data1\" content=\"Raoul Moret\" \/>\n\t<meta name=\"twitter:label2\" content=\"Dur\u00e9e de lecture estim\u00e9e\" \/>\n\t<meta name=\"twitter:data2\" content=\"1 minute\" \/>\n<script type=\"application\/ld+json\" class=\"yoast-schema-graph\">{\"@context\":\"https:\/\/schema.org\",\"@graph\":[{\"@type\":\"WebPage\",\"@id\":\"https:\/\/www.moret.ch\/aigle\/nos-vignes-2\/\",\"url\":\"https:\/\/www.moret.ch\/aigle\/nos-vignes-2\/\",\"name\":\"Vignes - Raoul et Stefanie Moret, vins d'Aigle Grand Cru\",\"isPartOf\":{\"@id\":\"https:\/\/www.moret.ch\/aigle\/#website\"},\"datePublished\":\"2023-09-01T13:29:00+00:00\",\"dateModified\":\"2025-11-27T09:02:32+00:00\",\"author\":{\"@id\":\"https:\/\/www.moret.ch\/aigle\/#\/schema\/person\/45deca90c2425a855063cef9fed9f3d2\"},\"breadcrumb\":{\"@id\":\"https:\/\/www.moret.ch\/aigle\/nos-vignes-2\/#breadcrumb\"},\"inLanguage\":\"fr-FR\",\"potentialAction\":[{\"@type\":\"ReadAction\",\"target\":[\"https:\/\/www.moret.ch\/aigle\/nos-vignes-2\/\"]}]},{\"@type\":\"BreadcrumbList\",\"@id\":\"https:\/\/www.moret.ch\/aigle\/nos-vignes-2\/#breadcrumb\",\"itemListElement\":[{\"@type\":\"ListItem\",\"position\":1,\"name\":\"Accueil\",\"item\":\"https:\/\/www.moret.ch\/aigle\/\"},{\"@type\":\"ListItem\",\"position\":2,\"name\":\"Vignes\"}]},{\"@type\":\"WebSite\",\"@id\":\"https:\/\/www.moret.ch\/aigle\/#website\",\"url\":\"https:\/\/www.moret.ch\/aigle\/\",\"name\":\"Raoul et Stefanie Moret, vins d'Aigle Grand Cru\",\"description\":\"Vin d'Aigle Grand Cru\",\"potentialAction\":[{\"@type\":\"SearchAction\",\"target\":{\"@type\":\"EntryPoint\",\"urlTemplate\":\"https:\/\/www.moret.ch\/aigle\/?s={search_term_string}\"},\"query-input\":\"required name=search_term_string\"}],\"inLanguage\":\"fr-FR\"},{\"@type\":\"Person\",\"@id\":\"https:\/\/www.moret.ch\/aigle\/#\/schema\/person\/45deca90c2425a855063cef9fed9f3d2\",\"name\":\"Raoul Moret\",\"image\":{\"@type\":\"ImageObject\",\"inLanguage\":\"fr-FR\",\"@id\":\"https:\/\/www.moret.ch\/aigle\/#\/schema\/person\/image\/\",\"url\":\"https:\/\/secure.gravatar.com\/avatar\/0d74e865143c5e946ed7499e5e70be65?s=96&d=mm&r=g\",\"contentUrl\":\"https:\/\/secure.gravatar.com\/avatar\/0d74e865143c5e946ed7499e5e70be65?s=96&d=mm&r=g\",\"caption\":\"Raoul Moret\"},\"url\":\"https:\/\/www.moret.ch\/aigle\/author\/admin\/\"}]}<\/script>\n<!-- \/ Yoast SEO plugin. -->","yoast_head_json":{"title":"Vignes - Raoul et Stefanie Moret, vins d'Aigle Grand Cru","robots":{"index":"index","follow":"follow","max-snippet":"max-snippet:-1","max-image-preview":"max-image-preview:large","max-video-preview":"max-video-preview:-1"},"canonical":"https:\/\/www.moret.ch\/aigle\/nos-vignes-2\/","og_locale":"fr_FR","og_type":"article","og_title":"Vignes - Raoul et Stefanie Moret, vins d'Aigle Grand Cru","og_description":"Terroir Nos vignes sont situ\u00e9es \u00e0 Aigle et b\u00e9n\u00e9ficient d&rsquo;un ensoleillement maximal. Notre sol est alluvionnaire dans la zone proche du Ch\u00e2teau d&rsquo;Aigle et issu de moraine lat\u00e9rale sur les terrasses de Plantour. La plupart des travaux sont manuels en raison de la forte pente des vignobles, de nos nombreux murs en pierre s\u00e8che et de nos objectifs de qualit\u00e9. Les vendanges sont donc \u00e9videmment effectu\u00e9es \u00e0 la main, de...","og_url":"https:\/\/www.moret.ch\/aigle\/nos-vignes-2\/","og_site_name":"Raoul et Stefanie Moret, vins d'Aigle Grand Cru","article_published_time":"2023-09-01T13:29:00+00:00","article_modified_time":"2025-11-27T09:02:32+00:00","og_image":[{"width":2560,"height":1920,"url":"https:\/\/www.moret.ch\/aigle\/wp-content\/uploads\/2020\/04\/20200424_082006-scaled.jpg","type":"image\/jpeg"}],"author":"Raoul Moret","twitter_card":"summary_large_image","twitter_misc":{"\u00c9crit par":"Raoul Moret","Dur\u00e9e de lecture estim\u00e9e":"1 minute"},"schema":{"@context":"https:\/\/schema.org","@graph":[{"@type":"WebPage","@id":"https:\/\/www.moret.ch\/aigle\/nos-vignes-2\/","url":"https:\/\/www.moret.ch\/aigle\/nos-vignes-2\/","name":"Vignes - Raoul et Stefanie Moret, vins d'Aigle Grand Cru","isPartOf":{"@id":"https:\/\/www.moret.ch\/aigle\/#website"},"datePublished":"2023-09-01T13:29:00+00:00","dateModified":"2025-11-27T09:02:32+00:00","author":{"@id":"https:\/\/www.moret.ch\/aigle\/#\/schema\/person\/45deca90c2425a855063cef9fed9f3d2"},"breadcrumb":{"@id":"https:\/\/www.moret.ch\/aigle\/nos-vignes-2\/#breadcrumb"},"inLanguage":"fr-FR","potentialAction":[{"@type":"ReadAction","target":["https:\/\/www.moret.ch\/aigle\/nos-vignes-2\/"]}]},{"@type":"BreadcrumbList","@id":"https:\/\/www.moret.ch\/aigle\/nos-vignes-2\/#breadcrumb","itemListElement":[{"@type":"ListItem","position":1,"name":"Accueil","item":"https:\/\/www.moret.ch\/aigle\/"},{"@type":"ListItem","position":2,"name":"Vignes"}]},{"@type":"WebSite","@id":"https:\/\/www.moret.ch\/aigle\/#website","url":"https:\/\/www.moret.ch\/aigle\/","name":"Raoul et Stefanie Moret, vins d'Aigle Grand Cru","description":"Vin d'Aigle Grand Cru","potentialAction":[{"@type":"SearchAction","target":{"@type":"EntryPoint","urlTemplate":"https:\/\/www.moret.ch\/aigle\/?s={search_term_string}"},"query-input":"required name=search_term_string"}],"inLanguage":"fr-FR"},{"@type":"Person","@id":"https:\/\/www.moret.ch\/aigle\/#\/schema\/person\/45deca90c2425a855063cef9fed9f3d2","name":"Raoul Moret","image":{"@type":"ImageObject","inLanguage":"fr-FR","@id":"https:\/\/www.moret.ch\/aigle\/#\/schema\/person\/image\/","url":"https:\/\/secure.gravatar.com\/avatar\/0d74e865143c5e946ed7499e5e70be65?s=96&d=mm&r=g","contentUrl":"https:\/\/secure.gravatar.com\/avatar\/0d74e865143c5e946ed7499e5e70be65?s=96&d=mm&r=g","caption":"Raoul Moret"},"url":"https:\/\/www.moret.ch\/aigle\/author\/admin\/"}]}},"_links":{"self":[{"href":"https:\/\/www.moret.ch\/aigle\/wp-json\/wp\/v2\/posts\/22","targetHints":{"allow":["GET"]}}],"collection":[{"href":"https:\/\/www.moret.ch\/aigle\/wp-json\/wp\/v2\/posts"}],"about":[{"href":"https:\/\/www.moret.ch\/aigle\/wp-json\/wp\/v2\/types\/post"}],"author":[{"embeddable":true,"href":"https:\/\/www.moret.ch\/aigle\/wp-json\/wp\/v2\/users\/1"}],"replies":[{"embeddable":true,"href":"https:\/\/www.moret.ch\/aigle\/wp-json\/wp\/v2\/comments?post=22"}],"version-history":[{"count":19,"href":"https:\/\/www.moret.ch\/aigle\/wp-json\/wp\/v2\/posts\/22\/revisions"}],"predecessor-version":[{"id":985,"href":"https:\/\/www.moret.ch\/aigle\/wp-json\/wp\/v2\/posts\/22\/revisions\/985"}],"wp:featuredmedia":[{"embeddable":true,"href":"https:\/\/www.moret.ch\/aigle\/wp-json\/wp\/v2\/media\/615"}],"wp:attachment":[{"href":"https:\/\/www.moret.ch\/aigle\/wp-json\/wp\/v2\/media?parent=22"}],"wp:term":[{"taxonomy":"category","embeddable":true,"href":"https:\/\/www.moret.ch\/aigle\/wp-json\/wp\/v2\/categories?post=22"},{"taxonomy":"post_tag","embeddable":true,"href":"https:\/\/www.moret.ch\/aigle\/wp-json\/wp\/v2\/tags?post=22"}],"curies":[{"name":"wp","href":"https:\/\/api.w.org\/{rel}","templated":true}]}}